{"id":13580,"date":"2022-02-23T09:53:56","date_gmt":"2022-02-23T08:53:56","guid":{"rendered":"https:\/\/gorowo.pl\/?p=13580"},"modified":"2022-02-23T09:55:09","modified_gmt":"2022-02-23T08:55:09","slug":"dekret-o-przejeciu-majatku-cerkwi-i-kosciolow","status":"publish","type":"post","link":"https:\/\/gorowo.pl\/index.php\/2022\/02\/23\/dekret-o-przejeciu-majatku-cerkwi-i-kosciolow\/","title":{"rendered":"Dekret o przej\u0119ciu maj\u0105tku cerkwi i ko\u015bcio\u0142\u00f3w"},"content":{"rendered":"\n<p>(sto lat od uchwalenia haniebnego dokumentu)<\/p>\n\n\n\n<p><strong>23 lutego 1922 r. <\/strong>rz\u0105d bolszewickiej Rosji uchwali\u0142 dekret dotycz\u0105cy przejmowania przez organy pa\u0144stwa kosztowno\u015bci znajduj\u0105ce si\u0119 w cerkwiach i ko\u015bcio\u0142ach na potrzeby walki z g\u0142odem (zreszt\u0105, przez t\u0119 sam\u0105 w\u0142adz\u0119 wywo\u0142anym).<\/p>\n\n\n\n<p>Natomiast ju\u017c <strong>8 marca 1922 r. <\/strong>marionetkowy rz\u0105d Ukrainy Radzieckiej uchwali\u0142 w\u0142asny dekret o przejmowaniu zrabowanych z cerkwi przedmiot\u00f3w (tak\u017ce b\u0119d\u0105cych bezcennymi dzie\u0142ami sztuki) wykonanych ze z\u0142ota, srebra, kamieni szlachetnych, czym rozpocz\u0105\u0142 na du\u017c\u0105 skal\u0119 i bez precedensu akcj\u0119 grabie\u017cy w \u015bwietle prawa (radzieckiego). Jednocze\u015bnie zabronione by\u0142o przyjmowanie ekwiwalent\u00f3w pieni\u0119\u017cnych za zrabowane artefakty.<\/p>\n\n\n\n<p>W\u0142a\u015bnie z tak\u0105 propozycj\u0105 (nades\u0142ania odpowiedniej kompensacji za maj\u0105tek ko\u015bcio\u0142\u00f3w i cerkwi katolickich) zwr\u00f3ci\u0142 si\u0119 do w\u0142adzy radzieckiej Papie\u017c Pius XI. Komuni\u015bci \u201enie mogli\u201d si\u0119 na to zgodzi\u0107.<\/p>\n\n\n\n<p>Kampanii grabie\u017cy towarzyszy\u0142a agitacja i propaganda, w kt\u00f3rej powa\u017cn\u0105 rol\u0119 odgrywa\u0142y opatrzone odpowiedni\u0105 symbolik\u0105 prymitywne plakaty.<\/p>\n\n\n\n<p>(bt)<\/p>\n\n\n\nngg_shortcode_0_placeholder\n<a class=\"synved-social-button synved-social-button-share synved-social-size-48 synved-social-resolution-single synved-social-provider-facebook nolightbox\" data-provider=\"facebook\" target=\"_blank\" rel=\"nofollow\" title=\"Podziel si\u0119\" href=\"https:\/\/www.facebook.com\/sharer.php?u=https%3A%2F%2Fgorowo.pl&#038;t=Dekret%20o%20przej%C4%99ciu%20maj%C4%85tku%20cerkwi%20i%20ko%C5%9Bcio%C5%82%C3%B3w&#038;s=100&#038;p&#091;url&#093;=https%3A%2F%2Fgorowo.pl&#038;p&#091;images&#093;&#091;0&#093;=https%3A%2F%2Fgorowo.pl%2Fwp-content%2Fuploads%2F2022%2F02%2F001-2.jpg&#038;p&#091;title&#093;=Dekret%20o%20przej%C4%99ciu%20maj%C4%85tku%20cerkwi%20i%20ko%C5%9Bcio%C5%82%C3%B3w\" style=\"font-size: 0px;width:48px;height:48px;margin:0;margin-bottom:5px;margin-right:5px\"><img loading=\"lazy\" decoding=\"async\" alt=\"Facebook\" title=\"Podziel si\u0119\" class=\"synved-share-image synved-social-image synved-social-image-share\" width=\"48\" height=\"48\" style=\"display: inline;width:48px;height:48px;margin: 0;padding: 0;border: none;box-shadow: none\" src=\"https:\/\/gorowo.pl\/wp-content\/plugins\/social-media-feather\/synved-social\/image\/social\/regular\/96x96\/facebook.png\" \/><\/a><a class=\"synved-social-button synved-social-button-share synved-social-size-48 synved-social-resolution-single synved-social-provider-twitter nolightbox\" data-provider=\"twitter\" target=\"_blank\" rel=\"nofollow\" title=\"Udost\u0119pnij\" href=\"https:\/\/twitter.com\/intent\/tweet?url=https%3A%2F%2Fgorowo.pl&#038;text=Ciekawy%20link%3A\" style=\"font-size: 0px;width:48px;height:48px;margin:0;margin-bottom:5px\"><img loading=\"lazy\" decoding=\"async\" alt=\"twitter\" title=\"Udost\u0119pnij\" class=\"synved-share-image synved-social-image synved-social-image-share\" width=\"48\" height=\"48\" style=\"display: inline;width:48px;height:48px;margin: 0;padding: 0;border: none;box-shadow: none\" src=\"https:\/\/gorowo.pl\/wp-content\/plugins\/social-media-feather\/synved-social\/image\/social\/regular\/96x96\/twitter.png\" \/><\/a>","protected":false},"excerpt":{"rendered":"<p>(sto lat od uchwalenia haniebnego dokumentu) 23 lutego 1922 r. rz\u0105d bolszewickiej Rosji uchwali\u0142 dekret dotycz\u0105cy przejmowania przez organy pa\u0144stwa kosztowno\u015bci znajduj\u0105ce si\u0119 w cerkwiach i ko\u015bcio\u0142ach na potrzeby walki z g\u0142odem (zreszt\u0105, przez t\u0119 sam\u0105 w\u0142adz\u0119 wywo\u0142anym). Natomiast ju\u017c 8 marca 1922 r. marionetkowy rz\u0105d Ukrainy Radzieckiej uchwali\u0142 w\u0142asny [&hellip;]<\/p>\n","protected":false},"author":1,"featured_media":13581,"comment_status":"open","ping_status":"open","sticky":false,"template":"","format":"standard","meta":{"ngg_post_thumbnail":0,"footnotes":""},"categories":[81],"tags":[],"class_list":["post-13580","post","type-post","status-publish","format-standard","has-post-thumbnail","hentry","category-ciekawostki"],"_links":{"self":[{"href":"https:\/\/gorowo.pl\/index.php\/wp-json\/wp\/v2\/posts\/13580","targetHints":{"allow":["GET"]}}],"collection":[{"href":"https:\/\/gorowo.pl\/index.php\/wp-json\/wp\/v2\/posts"}],"about":[{"href":"https:\/\/gorowo.pl\/index.php\/wp-json\/wp\/v2\/types\/post"}],"author":[{"embeddable":true,"href":"https:\/\/gorowo.pl\/index.php\/wp-json\/wp\/v2\/users\/1"}],"replies":[{"embeddable":true,"href":"https:\/\/gorowo.pl\/index.php\/wp-json\/wp\/v2\/comments?post=13580"}],"version-history":[{"count":2,"href":"https:\/\/gorowo.pl\/index.php\/wp-json\/wp\/v2\/posts\/13580\/revisions"}],"predecessor-version":[{"id":13583,"href":"https:\/\/gorowo.pl\/index.php\/wp-json\/wp\/v2\/posts\/13580\/revisions\/13583"}],"wp:featuredmedia":[{"embeddable":true,"href":"https:\/\/gorowo.pl\/index.php\/wp-json\/wp\/v2\/media\/13581"}],"wp:attachment":[{"href":"https:\/\/gorowo.pl\/index.php\/wp-json\/wp\/v2\/media?parent=13580"}],"wp:term":[{"taxonomy":"category","embeddable":true,"href":"https:\/\/gorowo.pl\/index.php\/wp-json\/wp\/v2\/categories?post=13580"},{"taxonomy":"post_tag","embeddable":true,"href":"https:\/\/gorowo.pl\/index.php\/wp-json\/wp\/v2\/tags?post=13580"}],"curies":[{"name":"wp","href":"https:\/\/api.w.org\/{rel}","templated":true}]}}