{"id":15733,"date":"2024-04-05T21:48:24","date_gmt":"2024-04-05T19:48:24","guid":{"rendered":"https:\/\/gorowo.pl\/?p=15733"},"modified":"2024-04-07T21:51:54","modified_gmt":"2024-04-07T19:51:54","slug":"wyrazy-wspolczucia","status":"publish","type":"post","link":"https:\/\/gorowo.pl\/index.php\/2024\/04\/05\/wyrazy-wspolczucia\/","title":{"rendered":"Wyrazy wsp\u00f3\u0142czucia"},"content":{"rendered":"\n<p>Spo\u0142eczno\u015b\u0107 G\u00f3rowa I\u0142aweckiego z g\u0142\u0119bokim smutkiem przyj\u0119\u0142a wiadomo\u015b\u0107 o \u015bmierci Honorowego Obywatela naszego miasta Mirona Sycza. Polityka, samorz\u0105dowca i spo\u0142ecznika.<\/p>\n\n\n\n<p>Rodzinie oraz Bliskim sk\u0142adamy wyrazy g\u0142\u0119bokiego wsp\u00f3\u0142czucia.<\/p>\n\n\n\n<p><em>Burmistrz Miasta G\u00f3rowo I\u0142aweckie,<\/em><\/p>\n\n\n\n<p><em>radni Rady Miejskiej oraz pracownicy Urz\u0119du Miasta<\/em><\/p>\n\n\n\n<p>*&nbsp;&nbsp;&nbsp;&nbsp;&nbsp;&nbsp;&nbsp;&nbsp;&nbsp; *&nbsp;&nbsp;&nbsp;&nbsp;&nbsp;&nbsp;&nbsp;&nbsp;&nbsp; *<\/p>\n\n\n\n<p>Z g\u0142\u0119bokim smutkiem i \u017calem przyj\u0119li\u015bmy wiadomo\u015b\u0107 o \u015bmierci Honorowego Obywatela Gminy G\u00f3rowo I\u0142aweckie Pana Mirona Sycza.<\/p>\n\n\n\n<p>Ogromnie b\u0119dzie nam brakowa\u0142o jego \u017cyczliwo\u015bci, troski, m\u0105dro\u015bci i u\u015bmiechu.<\/p>\n\n\n\n<p>Sk\u0142adaj\u0105c wyrazy serdecznego wsp\u00f3\u0142czucia, \u0142\u0105czymy si\u0119 w b\u00f3lu z rodzin\u0105.<\/p>\n\n\n\n<p><em>W\u00f3jt Gminy G\u00f3rowo I\u0142aweckie, radni Gminy,<\/em><\/p>\n\n\n\n<p><em>oraz mieszka\u0144cy Gminy G\u00f3rowo I\u0142aweckie<\/em><\/p>\n\n\n\n<p><\/p>\n<a class=\"synved-social-button synved-social-button-share synved-social-size-48 synved-social-resolution-single synved-social-provider-facebook nolightbox\" data-provider=\"facebook\" target=\"_blank\" rel=\"nofollow\" title=\"Podziel si\u0119\" href=\"https:\/\/www.facebook.com\/sharer.php?u=https%3A%2F%2Fgorowo.pl&#038;t=Wyrazy%20wsp%C3%B3%C5%82czucia&#038;s=100&#038;p&#091;url&#093;=https%3A%2F%2Fgorowo.pl&#038;p&#091;images&#093;&#091;0&#093;=https%3A%2F%2Fgorowo.pl%2Fwp-content%2Fuploads%2F2024%2F04%2F001.jpg&#038;p&#091;title&#093;=Wyrazy%20wsp%C3%B3%C5%82czucia\" style=\"font-size: 0px;width:48px;height:48px;margin:0;margin-bottom:5px;margin-right:5px\"><img loading=\"lazy\" decoding=\"async\" alt=\"Facebook\" title=\"Podziel si\u0119\" class=\"synved-share-image synved-social-image synved-social-image-share\" width=\"48\" height=\"48\" style=\"display: inline;width:48px;height:48px;margin: 0;padding: 0;border: none;box-shadow: none\" src=\"https:\/\/gorowo.pl\/wp-content\/plugins\/social-media-feather\/synved-social\/image\/social\/regular\/96x96\/facebook.png\" \/><\/a><a class=\"synved-social-button synved-social-button-share synved-social-size-48 synved-social-resolution-single synved-social-provider-twitter nolightbox\" data-provider=\"twitter\" target=\"_blank\" rel=\"nofollow\" title=\"Udost\u0119pnij\" href=\"https:\/\/twitter.com\/intent\/tweet?url=https%3A%2F%2Fgorowo.pl&#038;text=Ciekawy%20link%3A\" style=\"font-size: 0px;width:48px;height:48px;margin:0;margin-bottom:5px\"><img loading=\"lazy\" decoding=\"async\" alt=\"twitter\" title=\"Udost\u0119pnij\" class=\"synved-share-image synved-social-image synved-social-image-share\" width=\"48\" height=\"48\" style=\"display: inline;width:48px;height:48px;margin: 0;padding: 0;border: none;box-shadow: none\" src=\"https:\/\/gorowo.pl\/wp-content\/plugins\/social-media-feather\/synved-social\/image\/social\/regular\/96x96\/twitter.png\" \/><\/a>","protected":false},"excerpt":{"rendered":"<p>Spo\u0142eczno\u015b\u0107 G\u00f3rowa I\u0142aweckiego z g\u0142\u0119bokim smutkiem przyj\u0119\u0142a wiadomo\u015b\u0107 o \u015bmierci Honorowego Obywatela naszego miasta Mirona Sycza. Polityka, samorz\u0105dowca i spo\u0142ecznika. Rodzinie oraz Bliskim sk\u0142adamy wyrazy g\u0142\u0119bokiego wsp\u00f3\u0142czucia. Burmistrz Miasta G\u00f3rowo I\u0142aweckie, radni Rady Miejskiej oraz pracownicy Urz\u0119du Miasta *&nbsp;&nbsp;&nbsp;&nbsp;&nbsp;&nbsp;&nbsp;&nbsp;&nbsp; *&nbsp;&nbsp;&nbsp;&nbsp;&nbsp;&nbsp;&nbsp;&nbsp;&nbsp; * Z g\u0142\u0119bokim smutkiem i \u017calem przyj\u0119li\u015bmy wiadomo\u015b\u0107 o \u015bmierci [&hellip;]<\/p>\n","protected":false},"author":3,"featured_media":15734,"comment_status":"open","ping_status":"open","sticky":false,"template":"","format":"standard","meta":{"ngg_post_thumbnail":0,"footnotes":""},"categories":[1],"tags":[10],"class_list":["post-15733","post","type-post","status-publish","format-standard","has-post-thumbnail","hentry","category-nasze-gorowo-ilaweckie","tag-miasto"],"_links":{"self":[{"href":"https:\/\/gorowo.pl\/index.php\/wp-json\/wp\/v2\/posts\/15733","targetHints":{"allow":["GET"]}}],"collection":[{"href":"https:\/\/gorowo.pl\/index.php\/wp-json\/wp\/v2\/posts"}],"about":[{"href":"https:\/\/gorowo.pl\/index.php\/wp-json\/wp\/v2\/types\/post"}],"author":[{"embeddable":true,"href":"https:\/\/gorowo.pl\/index.php\/wp-json\/wp\/v2\/users\/3"}],"replies":[{"embeddable":true,"href":"https:\/\/gorowo.pl\/index.php\/wp-json\/wp\/v2\/comments?post=15733"}],"version-history":[{"count":1,"href":"https:\/\/gorowo.pl\/index.php\/wp-json\/wp\/v2\/posts\/15733\/revisions"}],"predecessor-version":[{"id":15735,"href":"https:\/\/gorowo.pl\/index.php\/wp-json\/wp\/v2\/posts\/15733\/revisions\/15735"}],"wp:featuredmedia":[{"embeddable":true,"href":"https:\/\/gorowo.pl\/index.php\/wp-json\/wp\/v2\/media\/15734"}],"wp:attachment":[{"href":"https:\/\/gorowo.pl\/index.php\/wp-json\/wp\/v2\/media?parent=15733"}],"wp:term":[{"taxonomy":"category","embeddable":true,"href":"https:\/\/gorowo.pl\/index.php\/wp-json\/wp\/v2\/categories?post=15733"},{"taxonomy":"post_tag","embeddable":true,"href":"https:\/\/gorowo.pl\/index.php\/wp-json\/wp\/v2\/tags?post=15733"}],"curies":[{"name":"wp","href":"https:\/\/api.w.org\/{rel}","templated":true}]}}