{"id":17320,"date":"2026-04-28T10:28:17","date_gmt":"2026-04-28T08:28:17","guid":{"rendered":"https:\/\/gorowo.pl\/?p=17320"},"modified":"2026-04-28T10:36:43","modified_gmt":"2026-04-28T08:36:43","slug":"droga-bukowiec-worlawki","status":"publish","type":"post","link":"https:\/\/gorowo.pl\/index.php\/2026\/04\/28\/droga-bukowiec-worlawki\/","title":{"rendered":"Droga Bukowiec &#8211; Wor\u0142awki"},"content":{"rendered":"\n<figure class=\"wp-block-video\"><video height=\"1280\" style=\"aspect-ratio: 720 \/ 1280;\" width=\"720\" controls src=\"https:\/\/gorowo.pl\/wp-content\/uploads\/2026\/04\/AQO78BylUkFPl8L-FbIkQuRzaNnYc2OkWE0bYUVUbpv-iFCkkGnt2EeDUG-GtYQMSzyEbRhbRVtcvLbDLb1ETx_5rlKhs_gHurNl-EJmkqWnVA.mp4\"><\/video><\/figure>\n\n\n\n<p>Droga Bukowiec -Wor\u0142awki. Udost\u0119pniamy!!!! Stan faktyczny drogi ile to mo\u017cna si\u0119 t\u0142uc<\/p>\n\n\n\n<p>to nawet nie jest dziewi\u0119tnasty wiek to si\u0119 dzieje w tych czasach jak\u017ce nowoczesnych.<\/p>\n\n\n\n<p>Zr\u00f3d\u0142o: <a href=\"https:\/\/www.facebook.com\/reel\/1518112813301424\">https:\/\/www.facebook.com\/reel\/1518112813301424<\/a><\/p>\n\n\n\n<p>Czytaj te\u017c: <a href=\"https:\/\/gorowo.pl\/index.php\/2026\/02\/04\/latem-wyboje-i-wykroty-zima-ekstremalna-slizgawka\/\">https:\/\/gorowo.pl\/index.php\/2026\/02\/04\/latem-wyboje-i-wykroty-zima-ekstremalna-slizgawka\/<\/a><\/p>\n\n\n\n<p><\/p>\n<a class=\"synved-social-button synved-social-button-share synved-social-size-48 synved-social-resolution-single synved-social-provider-facebook nolightbox\" data-provider=\"facebook\" target=\"_blank\" rel=\"nofollow\" title=\"Podziel si\u0119\" href=\"https:\/\/www.facebook.com\/sharer.php?u=https%3A%2F%2Fgorowo.pl&#038;t=Droga%20Bukowiec%20%E2%80%93%20Wor%C5%82awki&#038;s=100&#038;p&#091;url&#093;=https%3A%2F%2Fgorowo.pl&#038;p&#091;images&#093;&#091;0&#093;=https%3A%2F%2Fgorowo.pl%2Fwp-content%2Fuploads%2F2026%2F04%2FZrzut-ekranu-2026-04-28-103412.png&#038;p&#091;title&#093;=Droga%20Bukowiec%20%E2%80%93%20Wor%C5%82awki\" style=\"font-size: 0px;width:48px;height:48px;margin:0;margin-bottom:5px;margin-right:5px\"><img loading=\"lazy\" decoding=\"async\" alt=\"Facebook\" title=\"Podziel si\u0119\" class=\"synved-share-image synved-social-image synved-social-image-share\" width=\"48\" height=\"48\" style=\"display: inline;width:48px;height:48px;margin: 0;padding: 0;border: none;box-shadow: none\" src=\"https:\/\/gorowo.pl\/wp-content\/plugins\/social-media-feather\/synved-social\/image\/social\/regular\/96x96\/facebook.png\" \/><\/a><a class=\"synved-social-button synved-social-button-share synved-social-size-48 synved-social-resolution-single synved-social-provider-twitter nolightbox\" data-provider=\"twitter\" target=\"_blank\" rel=\"nofollow\" title=\"Udost\u0119pnij\" href=\"https:\/\/twitter.com\/intent\/tweet?url=https%3A%2F%2Fgorowo.pl&#038;text=Ciekawy%20link%3A\" style=\"font-size: 0px;width:48px;height:48px;margin:0;margin-bottom:5px\"><img loading=\"lazy\" decoding=\"async\" alt=\"twitter\" title=\"Udost\u0119pnij\" class=\"synved-share-image synved-social-image synved-social-image-share\" width=\"48\" height=\"48\" style=\"display: inline;width:48px;height:48px;margin: 0;padding: 0;border: none;box-shadow: none\" src=\"https:\/\/gorowo.pl\/wp-content\/plugins\/social-media-feather\/synved-social\/image\/social\/regular\/96x96\/twitter.png\" \/><\/a>","protected":false},"excerpt":{"rendered":"<p>Droga Bukowiec -Wor\u0142awki. Udost\u0119pniamy!!!! Stan faktyczny drogi ile to mo\u017cna si\u0119 t\u0142uc to nawet nie jest dziewi\u0119tnasty wiek to si\u0119 dzieje w tych czasach jak\u017ce nowoczesnych. Zr\u00f3d\u0142o: https:\/\/www.facebook.com\/reel\/1518112813301424 Czytaj te\u017c: https:\/\/gorowo.pl\/index.php\/2026\/02\/04\/latem-wyboje-i-wykroty-zima-ekstremalna-slizgawka\/<\/p>\n","protected":false},"author":1,"featured_media":17326,"comment_status":"open","ping_status":"open","sticky":false,"template":"","format":"standard","meta":{"ngg_post_thumbnail":0,"footnotes":""},"categories":[7],"tags":[8],"class_list":["post-17320","post","type-post","status-publish","format-standard","has-post-thumbnail","hentry","category-nasze-okolice","tag-nasze-okolice"],"_links":{"self":[{"href":"https:\/\/gorowo.pl\/index.php\/wp-json\/wp\/v2\/posts\/17320","targetHints":{"allow":["GET"]}}],"collection":[{"href":"https:\/\/gorowo.pl\/index.php\/wp-json\/wp\/v2\/posts"}],"about":[{"href":"https:\/\/gorowo.pl\/index.php\/wp-json\/wp\/v2\/types\/post"}],"author":[{"embeddable":true,"href":"https:\/\/gorowo.pl\/index.php\/wp-json\/wp\/v2\/users\/1"}],"replies":[{"embeddable":true,"href":"https:\/\/gorowo.pl\/index.php\/wp-json\/wp\/v2\/comments?post=17320"}],"version-history":[{"count":4,"href":"https:\/\/gorowo.pl\/index.php\/wp-json\/wp\/v2\/posts\/17320\/revisions"}],"predecessor-version":[{"id":17325,"href":"https:\/\/gorowo.pl\/index.php\/wp-json\/wp\/v2\/posts\/17320\/revisions\/17325"}],"wp:featuredmedia":[{"embeddable":true,"href":"https:\/\/gorowo.pl\/index.php\/wp-json\/wp\/v2\/media\/17326"}],"wp:attachment":[{"href":"https:\/\/gorowo.pl\/index.php\/wp-json\/wp\/v2\/media?parent=17320"}],"wp:term":[{"taxonomy":"category","embeddable":true,"href":"https:\/\/gorowo.pl\/index.php\/wp-json\/wp\/v2\/categories?post=17320"},{"taxonomy":"post_tag","embeddable":true,"href":"https:\/\/gorowo.pl\/index.php\/wp-json\/wp\/v2\/tags?post=17320"}],"curies":[{"name":"wp","href":"https:\/\/api.w.org\/{rel}","templated":true}]}}