{"id":2989,"date":"2017-03-22T11:52:58","date_gmt":"2017-03-22T10:52:58","guid":{"rendered":"http:\/\/gorowo.pl\/?p=2989"},"modified":"2017-03-22T11:52:58","modified_gmt":"2017-03-22T10:52:58","slug":"facebook-chce-wejsc-na-rynek-sprzetu","status":"publish","type":"post","link":"https:\/\/gorowo.pl\/index.php\/2017\/03\/22\/facebook-chce-wejsc-na-rynek-sprzetu\/","title":{"rendered":"Facebook chce wej\u015b\u0107 na rynek sprz\u0119tu"},"content":{"rendered":"<p>W ramach Facebooka istnieje grupa o nazwie Building 8, kt\u00f3ra zajmuje si\u0119 projektami zwi\u0105zanymi ze sprz\u0119tem. Jak donosi BusinessInsider, Building 8 pracuje obecnie nad czterema projektami <strong>od kamer przez rzeczywisto\u015b\u0107 rozszerzon\u0105 po skanowanie m\u00f3zgu<\/strong>.<\/p>\n<p><!--more--><\/p>\n<p>Z informacji zdobytych przez dziennikarzy wynika, \u017ce spo\u0142eczno\u015bciowy gigant chce zaistnie\u0107 na rynku gad\u017cet\u00f3w. Chce przygotowa\u0107 sprz\u0119t i rozpocz\u0105\u0107 jego sprzeda\u017c, gdy uzna, \u017ce nadszed\u0142 czas. Na razie Building 8 nie pokaza\u0142a jeszcze \u017cadnego uko\u0144czonego produktu, ale wtajemniczeni m\u00f3wi\u0105, \u017ce zesp\u00f3\u0142 ten b\u0119dzie odgrywa\u0142 g\u0142\u00f3wn\u0105 rol\u0119 podczas zaplanowanej na przysz\u0142y miesi\u0105c konferencji Facebooka dla developer\u00f3w.<\/p>\n<p>Facebook nie ma \u017cadnego do\u015bwiadczenia na rynku sprz\u0119tu czy gad\u017cet\u00f3w. A b\u0119dzie musia\u0142 mierzy\u0107 si\u0119 na nim z takimi gigantami jak na przyk\u0142ad Apple. Firma Zuckerberga b\u0119dzie musia\u0142a zbudowa\u0107 sie\u0107 logistyki i sprzeda\u017cy, a to wszytko na bardzo konkurencyjnym rynku.<\/p>\n<p>Wszystko jednak wskazuje na to, \u017ce Facebook bardzo powa\u017cnie podchodzi do rynku urz\u0105dze\u0144. Jeden z projekt\u00f3w zak\u0142ada wykorzystanie kamer i rzeczywisto\u015bci rozszerzonej, a z umieszczanych przez Facebooka og\u0142osze\u0144 o prac\u0119 wynika, \u017ce chodzi tutaj o rozw\u00f3j dron\u00f3w. W ramach innego projektu rozwijana jest technologia skanowania m\u00f3zgu, a pracami zajmuj\u0105cego si\u0119 ni\u0105 zespo\u0142u kieruje by\u0142y neurolog z Uniwersytetu Johna Hopkinsa, kt\u00f3ry wcze\u015bniej bra\u0142 udzia\u0142 przy tworzeniu sztucznego ramienia kontrolowanego przez m\u00f3zg. Na czele jeszcze innego zespo\u0142u stoi kardiolog z Uniwersytetu Stanforda, kt\u00f3ry ma do\u015bwiadczenie w pracach nad urz\u0105dzeniami medycznymi. Wiadomo, \u017ce Building 8 ma zamiar uruchomi\u0107 te\u017c pi\u0105ty projekt i w\u0142a\u015bnie szuka odpowiedniej osoby, kt\u00f3ra go poprowadzi.<\/p>\n<p>Ca\u0142o\u015bci\u0105 prac kieruje Regina Dugan, by\u0142a mened\u017cerka DARPA, kt\u00f3r\u0105 przed przej\u015bciem do Facebooka pracowa\u0142a w wydziale zaawansowanych technologii Google&#8217;a.<\/p>\n<p>Grupa Building 8 powsta\u0142a przed rokiem i pracuje w dwuletnich przedzia\u0142ach czasowych. Oznacza to, \u017ce w przysz\u0142ym roku szefowie poszczeg\u00f3lnych wydzia\u0142\u00f3w b\u0119d\u0105 musieli udowodni\u0107, \u017ce koncepcje, nad kt\u00f3rymi pracuj\u0105 s\u0105 mo\u017cliwe do zrealizowania.<\/p>\n<div class=\"article-footer\">\n<p class=\"author\">Autor: <strong>Mariusz B\u0142o\u0144ski<\/strong><\/p>\n<p class=\"author\">\u0179r\u00f3d\u0142o: <a href=\"http:\/\/kopalniawiedzy.pl\" target=\"_blank\">kopalniawidzy.pl<\/a><\/p>\n<\/div>\n<a class=\"synved-social-button synved-social-button-share synved-social-size-48 synved-social-resolution-single synved-social-provider-facebook nolightbox\" data-provider=\"facebook\" target=\"_blank\" rel=\"nofollow\" title=\"Podziel si\u0119\" href=\"https:\/\/www.facebook.com\/sharer.php?u=https%3A%2F%2Fgorowo.pl&#038;t=Facebook%20chce%20wej%C5%9B%C4%87%20na%20rynek%20sprz%C4%99tu&#038;s=100&#038;p&#091;url&#093;=https%3A%2F%2Fgorowo.pl&#038;p&#091;images&#093;&#091;0&#093;=https%3A%2F%2Fgorowo.pl%2Fwp-content%2Fuploads%2F2017%2F03%2Fzuckerberg-aa3659b983f60ee7f9a08d36bcdd0a35.jpg&#038;p&#091;title&#093;=Facebook%20chce%20wej%C5%9B%C4%87%20na%20rynek%20sprz%C4%99tu\" style=\"font-size: 0px;width:48px;height:48px;margin:0;margin-bottom:5px;margin-right:5px\"><img loading=\"lazy\" decoding=\"async\" alt=\"Facebook\" title=\"Podziel si\u0119\" class=\"synved-share-image synved-social-image synved-social-image-share\" width=\"48\" height=\"48\" style=\"display: inline;width:48px;height:48px;margin: 0;padding: 0;border: none;box-shadow: none\" src=\"https:\/\/gorowo.pl\/wp-content\/plugins\/social-media-feather\/synved-social\/image\/social\/regular\/96x96\/facebook.png\" \/><\/a><a class=\"synved-social-button synved-social-button-share synved-social-size-48 synved-social-resolution-single synved-social-provider-twitter nolightbox\" data-provider=\"twitter\" target=\"_blank\" rel=\"nofollow\" title=\"Udost\u0119pnij\" href=\"https:\/\/twitter.com\/intent\/tweet?url=https%3A%2F%2Fgorowo.pl&#038;text=Ciekawy%20link%3A\" style=\"font-size: 0px;width:48px;height:48px;margin:0;margin-bottom:5px\"><img loading=\"lazy\" decoding=\"async\" alt=\"twitter\" title=\"Udost\u0119pnij\" class=\"synved-share-image synved-social-image synved-social-image-share\" width=\"48\" height=\"48\" style=\"display: inline;width:48px;height:48px;margin: 0;padding: 0;border: none;box-shadow: none\" src=\"https:\/\/gorowo.pl\/wp-content\/plugins\/social-media-feather\/synved-social\/image\/social\/regular\/96x96\/twitter.png\" \/><\/a>","protected":false},"excerpt":{"rendered":"<p>W ramach Facebooka istnieje grupa o nazwie Building 8, kt\u00f3ra zajmuje si\u0119 projektami zwi\u0105zanymi ze sprz\u0119tem. Jak donosi BusinessInsider, Building 8 pracuje obecnie nad czterema projektami od kamer przez rzeczywisto\u015b\u0107 rozszerzon\u0105 po skanowanie m\u00f3zgu.<\/p>\n","protected":false},"author":1,"featured_media":2990,"comment_status":"open","ping_status":"open","sticky":false,"template":"","format":"standard","meta":{"ngg_post_thumbnail":0,"footnotes":""},"categories":[46],"tags":[50,49],"class_list":["post-2989","post","type-post","status-publish","format-standard","has-post-thumbnail","hentry","category-technologie","tag-facebook","tag-technologie"],"_links":{"self":[{"href":"https:\/\/gorowo.pl\/index.php\/wp-json\/wp\/v2\/posts\/2989","targetHints":{"allow":["GET"]}}],"collection":[{"href":"https:\/\/gorowo.pl\/index.php\/wp-json\/wp\/v2\/posts"}],"about":[{"href":"https:\/\/gorowo.pl\/index.php\/wp-json\/wp\/v2\/types\/post"}],"author":[{"embeddable":true,"href":"https:\/\/gorowo.pl\/index.php\/wp-json\/wp\/v2\/users\/1"}],"replies":[{"embeddable":true,"href":"https:\/\/gorowo.pl\/index.php\/wp-json\/wp\/v2\/comments?post=2989"}],"version-history":[{"count":1,"href":"https:\/\/gorowo.pl\/index.php\/wp-json\/wp\/v2\/posts\/2989\/revisions"}],"predecessor-version":[{"id":2991,"href":"https:\/\/gorowo.pl\/index.php\/wp-json\/wp\/v2\/posts\/2989\/revisions\/2991"}],"wp:featuredmedia":[{"embeddable":true,"href":"https:\/\/gorowo.pl\/index.php\/wp-json\/wp\/v2\/media\/2990"}],"wp:attachment":[{"href":"https:\/\/gorowo.pl\/index.php\/wp-json\/wp\/v2\/media?parent=2989"}],"wp:term":[{"taxonomy":"category","embeddable":true,"href":"https:\/\/gorowo.pl\/index.php\/wp-json\/wp\/v2\/categories?post=2989"},{"taxonomy":"post_tag","embeddable":true,"href":"https:\/\/gorowo.pl\/index.php\/wp-json\/wp\/v2\/tags?post=2989"}],"curies":[{"name":"wp","href":"https:\/\/api.w.org\/{rel}","templated":true}]}}