{"id":4740,"date":"2018-01-15T21:20:44","date_gmt":"2018-01-15T20:20:44","guid":{"rendered":"http:\/\/gorowo.pl\/?p=4740"},"modified":"2018-01-15T21:20:44","modified_gmt":"2018-01-15T20:20:44","slug":"team-cresovia-gorowo-il-kontra-mazuria-volley-gizycko","status":"publish","type":"post","link":"https:\/\/gorowo.pl\/index.php\/2018\/01\/15\/team-cresovia-gorowo-il-kontra-mazuria-volley-gizycko\/","title":{"rendered":"TEAM \u201eCRESOVIA\u201d G\u00f3rowo I\u0142. kontra  \u201eMAZURIA\u201d Volley Gi\u017cycko"},"content":{"rendered":"<p>Po pi\u0119ciotygodniowej przerwie w rozgrywkach III Ligi TEAM CRESOVIA G\u00f3rowo I\u0142aweckie spotka\u0142 si\u0119 z beniaminkiem ligi MAZURIA Volley Gi\u017cycko na hali gimnastycznej SP G\u00f3rowo I\u0142aw. w sobot\u0119 13 stycznia 2018 r.<\/p>\n<p><!--more--><\/p>\n<p>W pierwszym secie gra z obu stron nie wygl\u0105da\u0142 zbyt okazale. Du\u017ca ilo\u015b\u0107 b\u0142\u0119d\u00f3w z obu stron obni\u017ca\u0142a poziom widowiska. Od samego pocz\u0105tku lekk\u0105 przewag\u0119 punktow\u0105 (1-2 punkty) wypracowali sobie go\u015bcie. Dwukrotnie miejscowi odrobili trzypunktow\u0105 strat\u0119, jednak w ko\u0144c\u00f3wce trzy proste b\u0142\u0119dy miejscowych sprawi\u0142y, \u017ce pierwszego seta 25:20 wygrali go\u015bcie.<\/p>\n<p>W drugim secie dwie zmiany na pozycjach \u015brodkowego i przyjmuj\u0105cego zmieni\u0142y znacz\u0105co obraz gry. Miejscowi nie pope\u0142niali ju\u017c prostych b\u0142\u0119d\u00f3w i pojawi\u0142y si\u0119 w ich wykonaniu ciekawe akcje, po kt\u00f3rych raz za razem kibice mogli ich oklaskiwa\u0107. Szybko uzyskana przewaga (13:7) pozwoli\u0142a gospodarzom na spokojniejsz\u0105 gr\u0119, po kt\u00f3rej zwyci\u0119stwo 25:16 w tym secie sta\u0142o si\u0119 faktem. Kolejny set to kopia poprzedniego. Szybkie uzyskanie kilkupunktowej przewagi i spokojne kontrolowanie wyniku do ko\u0144ca seta i przekonywuj\u0105ce zwyci\u0119stwo 25:16 wskazywa\u0142o, \u017ce czwarty set b\u0119dzie najprawdopodobnie ostatnim w tym meczu. W pewnym momencie przewaga wynosi\u0142a 12 punkt\u00f3w (20:8) i by\u0142o wiadomo, \u017ce ten set b\u0119dzie ostatnim. Zwyci\u0119stwo 25:12 i w ca\u0142ym meczu <strong>3:1<\/strong> pokaza\u0142o kto by\u0142 zdecydowanie lepszy.<\/p>\n<p>Dyspozycja siatkarzy TEAM-u nie jest jeszcze zadowalaj\u0105ca, ale miejmy nadziej\u0119, \u017ce do najwa\u017cniejszych meczy w rozgrywkach Ligi Wojew\u00f3dzkiej zawodnicy Cresovii zd\u0105\u017c\u0105 si\u0119 znacznie lepiej przygotowa\u0107. Nagrod\u0119 MVP za ten mecz ponownie organizatorzy przyznali Patrykowi Kulpace, kt\u00f3ry by\u0142 najr\u00f3wniej graj\u0105cym zawodnikiem gospodarzy.<\/p>\n<p>Zaleg\u0142y mecz z dru\u017cyn\u0105 CSiR Pa\u0142ac Kamieniec TEAM Cresovia rozegra 27 lutego 2018 roku o godz. 19,00 w Suszu.<\/p>\n<p>&nbsp;<\/p>\n<p>Sk\u0142ad g\u00f3rowskiego zespo\u0142u: Jerzy Tatol, Maciej Budny, Mateusz Budny, Marcin Kaszubat, Jacek Kawiecki, Patryk Kulpaka, Maciej Pich\u0142acz (libero) oraz Marcin Kawiecki, Krystian Wojtkiewicz.<\/p>\n<p><strong><em>Jerzy Tatol<\/em><\/strong><\/p>\n\n\t\t<style type=\"text\/css\">\n\t\t\t#gallery-1 {\n\t\t\t\tmargin: auto;\n\t\t\t}\n\t\t\t#gallery-1 .gallery-item {\n\t\t\t\tfloat: left;\n\t\t\t\tmargin-top: 10px;\n\t\t\t\ttext-align: center;\n\t\t\t\twidth: 20%;\n\t\t\t}\n\t\t\t#gallery-1 img {\n\t\t\t\tborder: 2px solid #cfcfcf;\n\t\t\t}\n\t\t\t#gallery-1 .gallery-caption {\n\t\t\t\tmargin-left: 0;\n\t\t\t}\n\t\t\t\/* see gallery_shortcode() in wp-includes\/media.php *\/\n\t\t<\/style>\n\t\t<div id='gallery-1' class='gallery galleryid-4740 gallery-columns-5 gallery-size-thumbnail'><dl class='gallery-item'>\n\t\t\t<dt class='gallery-icon landscape'>\n\t\t\t\t<a href='https:\/\/gorowo.pl\/wp-content\/uploads\/2018\/01\/2-1.jpg'><img loading=\"lazy\" decoding=\"async\" width=\"150\" height=\"150\" src=\"https:\/\/gorowo.pl\/wp-content\/uploads\/2018\/01\/2-1-150x150.jpg\" class=\"attachment-thumbnail size-thumbnail\" alt=\"\" \/><\/a>\n\t\t\t<\/dt><\/dl><dl class='gallery-item'>\n\t\t\t<dt class='gallery-icon landscape'>\n\t\t\t\t<a href='https:\/\/gorowo.pl\/wp-content\/uploads\/2018\/01\/3-1.jpg'><img loading=\"lazy\" decoding=\"async\" width=\"150\" height=\"150\" src=\"https:\/\/gorowo.pl\/wp-content\/uploads\/2018\/01\/3-1-150x150.jpg\" class=\"attachment-thumbnail size-thumbnail\" alt=\"\" \/><\/a>\n\t\t\t<\/dt><\/dl><dl class='gallery-item'>\n\t\t\t<dt class='gallery-icon landscape'>\n\t\t\t\t<a href='https:\/\/gorowo.pl\/wp-content\/uploads\/2018\/01\/4.jpg'><img loading=\"lazy\" decoding=\"async\" width=\"150\" height=\"150\" src=\"https:\/\/gorowo.pl\/wp-content\/uploads\/2018\/01\/4-150x150.jpg\" class=\"attachment-thumbnail size-thumbnail\" alt=\"\" \/><\/a>\n\t\t\t<\/dt><\/dl><dl class='gallery-item'>\n\t\t\t<dt class='gallery-icon landscape'>\n\t\t\t\t<a href='https:\/\/gorowo.pl\/wp-content\/uploads\/2018\/01\/435A6876.jpg'><img loading=\"lazy\" decoding=\"async\" width=\"150\" height=\"150\" src=\"https:\/\/gorowo.pl\/wp-content\/uploads\/2018\/01\/435A6876-150x150.jpg\" class=\"attachment-thumbnail size-thumbnail\" alt=\"\" \/><\/a>\n\t\t\t<\/dt><\/dl><dl class='gallery-item'>\n\t\t\t<dt class='gallery-icon landscape'>\n\t\t\t\t<a href='https:\/\/gorowo.pl\/wp-content\/uploads\/2018\/01\/435A6877.jpg'><img loading=\"lazy\" decoding=\"async\" width=\"150\" height=\"150\" src=\"https:\/\/gorowo.pl\/wp-content\/uploads\/2018\/01\/435A6877-150x150.jpg\" class=\"attachment-thumbnail size-thumbnail\" alt=\"\" \/><\/a>\n\t\t\t<\/dt><\/dl><br style=\"clear: both\" \/><dl class='gallery-item'>\n\t\t\t<dt class='gallery-icon landscape'>\n\t\t\t\t<a href='https:\/\/gorowo.pl\/wp-content\/uploads\/2018\/01\/435A6878.jpg'><img loading=\"lazy\" decoding=\"async\" width=\"150\" height=\"150\" src=\"https:\/\/gorowo.pl\/wp-content\/uploads\/2018\/01\/435A6878-150x150.jpg\" class=\"attachment-thumbnail size-thumbnail\" alt=\"\" \/><\/a>\n\t\t\t<\/dt><\/dl><dl class='gallery-item'>\n\t\t\t<dt class='gallery-icon landscape'>\n\t\t\t\t<a href='https:\/\/gorowo.pl\/wp-content\/uploads\/2018\/01\/435A6879.jpg'><img loading=\"lazy\" decoding=\"async\" width=\"150\" height=\"150\" src=\"https:\/\/gorowo.pl\/wp-content\/uploads\/2018\/01\/435A6879-150x150.jpg\" class=\"attachment-thumbnail size-thumbnail\" alt=\"\" \/><\/a>\n\t\t\t<\/dt><\/dl><dl class='gallery-item'>\n\t\t\t<dt class='gallery-icon landscape'>\n\t\t\t\t<a href='https:\/\/gorowo.pl\/wp-content\/uploads\/2018\/01\/435A6880.jpg'><img loading=\"lazy\" decoding=\"async\" width=\"150\" height=\"150\" src=\"https:\/\/gorowo.pl\/wp-content\/uploads\/2018\/01\/435A6880-150x150.jpg\" class=\"attachment-thumbnail size-thumbnail\" alt=\"\" \/><\/a>\n\t\t\t<\/dt><\/dl><dl class='gallery-item'>\n\t\t\t<dt class='gallery-icon landscape'>\n\t\t\t\t<a href='https:\/\/gorowo.pl\/wp-content\/uploads\/2018\/01\/435A6881.jpg'><img loading=\"lazy\" decoding=\"async\" width=\"150\" height=\"150\" src=\"https:\/\/gorowo.pl\/wp-content\/uploads\/2018\/01\/435A6881-150x150.jpg\" class=\"attachment-thumbnail size-thumbnail\" alt=\"\" \/><\/a>\n\t\t\t<\/dt><\/dl><dl class='gallery-item'>\n\t\t\t<dt class='gallery-icon landscape'>\n\t\t\t\t<a href='https:\/\/gorowo.pl\/wp-content\/uploads\/2018\/01\/435A6884.jpg'><img loading=\"lazy\" decoding=\"async\" width=\"150\" height=\"150\" src=\"https:\/\/gorowo.pl\/wp-content\/uploads\/2018\/01\/435A6884-150x150.jpg\" class=\"attachment-thumbnail size-thumbnail\" alt=\"\" \/><\/a>\n\t\t\t<\/dt><\/dl><br style=\"clear: both\" \/>\n\t\t<\/div>\n\n<a class=\"synved-social-button synved-social-button-share synved-social-size-48 synved-social-resolution-single synved-social-provider-facebook nolightbox\" data-provider=\"facebook\" target=\"_blank\" rel=\"nofollow\" title=\"Podziel si\u0119\" href=\"https:\/\/www.facebook.com\/sharer.php?u=https%3A%2F%2Fgorowo.pl&#038;t=TEAM%20%E2%80%9ECRESOVIA%E2%80%9D%20G%C3%B3rowo%20I%C5%82.%20kontra%20%20%E2%80%9EMAZURIA%E2%80%9D%20Volley%20Gi%C5%BCycko&#038;s=100&#038;p&#091;url&#093;=https%3A%2F%2Fgorowo.pl&#038;p&#091;images&#093;&#091;0&#093;=https%3A%2F%2Fgorowo.pl%2Fwp-content%2Fuploads%2F2018%2F01%2F1-1.jpg&#038;p&#091;title&#093;=TEAM%20%E2%80%9ECRESOVIA%E2%80%9D%20G%C3%B3rowo%20I%C5%82.%20kontra%20%20%E2%80%9EMAZURIA%E2%80%9D%20Volley%20Gi%C5%BCycko\" style=\"font-size: 0px;width:48px;height:48px;margin:0;margin-bottom:5px;margin-right:5px\"><img loading=\"lazy\" decoding=\"async\" alt=\"Facebook\" title=\"Podziel si\u0119\" class=\"synved-share-image synved-social-image synved-social-image-share\" width=\"48\" height=\"48\" style=\"display: inline;width:48px;height:48px;margin: 0;padding: 0;border: none;box-shadow: none\" src=\"https:\/\/gorowo.pl\/wp-content\/plugins\/social-media-feather\/synved-social\/image\/social\/regular\/96x96\/facebook.png\" \/><\/a><a class=\"synved-social-button synved-social-button-share synved-social-size-48 synved-social-resolution-single synved-social-provider-twitter nolightbox\" data-provider=\"twitter\" target=\"_blank\" rel=\"nofollow\" title=\"Udost\u0119pnij\" href=\"https:\/\/twitter.com\/intent\/tweet?url=https%3A%2F%2Fgorowo.pl&#038;text=Ciekawy%20link%3A\" style=\"font-size: 0px;width:48px;height:48px;margin:0;margin-bottom:5px\"><img loading=\"lazy\" decoding=\"async\" alt=\"twitter\" title=\"Udost\u0119pnij\" class=\"synved-share-image synved-social-image synved-social-image-share\" width=\"48\" height=\"48\" style=\"display: inline;width:48px;height:48px;margin: 0;padding: 0;border: none;box-shadow: none\" src=\"https:\/\/gorowo.pl\/wp-content\/plugins\/social-media-feather\/synved-social\/image\/social\/regular\/96x96\/twitter.png\" \/><\/a>","protected":false},"excerpt":{"rendered":"<p>Po pi\u0119ciotygodniowej przerwie w rozgrywkach III Ligi TEAM CRESOVIA G\u00f3rowo I\u0142aweckie spotka\u0142 si\u0119 z beniaminkiem ligi MAZURIA Volley Gi\u017cycko na hali gimnastycznej SP G\u00f3rowo I\u0142aw. w sobot\u0119 13 stycznia 2018 r.<\/p>\n","protected":false},"author":1,"featured_media":4741,"comment_status":"open","ping_status":"open","sticky":false,"template":"","format":"standard","meta":{"ngg_post_thumbnail":0,"footnotes":""},"categories":[22],"tags":[9],"class_list":["post-4740","post","type-post","status-publish","format-standard","has-post-thumbnail","hentry","category-sport-w-naszym-miescie","tag-sport"],"_links":{"self":[{"href":"https:\/\/gorowo.pl\/index.php\/wp-json\/wp\/v2\/posts\/4740","targetHints":{"allow":["GET"]}}],"collection":[{"href":"https:\/\/gorowo.pl\/index.php\/wp-json\/wp\/v2\/posts"}],"about":[{"href":"https:\/\/gorowo.pl\/index.php\/wp-json\/wp\/v2\/types\/post"}],"author":[{"embeddable":true,"href":"https:\/\/gorowo.pl\/index.php\/wp-json\/wp\/v2\/users\/1"}],"replies":[{"embeddable":true,"href":"https:\/\/gorowo.pl\/index.php\/wp-json\/wp\/v2\/comments?post=4740"}],"version-history":[{"count":1,"href":"https:\/\/gorowo.pl\/index.php\/wp-json\/wp\/v2\/posts\/4740\/revisions"}],"predecessor-version":[{"id":4752,"href":"https:\/\/gorowo.pl\/index.php\/wp-json\/wp\/v2\/posts\/4740\/revisions\/4752"}],"wp:featuredmedia":[{"embeddable":true,"href":"https:\/\/gorowo.pl\/index.php\/wp-json\/wp\/v2\/media\/4741"}],"wp:attachment":[{"href":"https:\/\/gorowo.pl\/index.php\/wp-json\/wp\/v2\/media?parent=4740"}],"wp:term":[{"taxonomy":"category","embeddable":true,"href":"https:\/\/gorowo.pl\/index.php\/wp-json\/wp\/v2\/categories?post=4740"},{"taxonomy":"post_tag","embeddable":true,"href":"https:\/\/gorowo.pl\/index.php\/wp-json\/wp\/v2\/tags?post=4740"}],"curies":[{"name":"wp","href":"https:\/\/api.w.org\/{rel}","templated":true}]}}